{"id":538,"date":"2018-08-03T20:48:28","date_gmt":"2018-08-03T23:48:28","guid":{"rendered":"http:\/\/www.summersidearc.com\/?p=538"},"modified":"2018-08-03T20:48:28","modified_gmt":"2018-08-03T23:48:28","slug":"rac-bulletin-call-for-nominations-for-the-rac-amateur-of-the-year-award-mise-en-nomination-prix-amateur-de-lannee-de-rac","status":"publish","type":"post","link":"http:\/\/www.summersidearc.com\/index.php\/2018\/08\/03\/rac-bulletin-call-for-nominations-for-the-rac-amateur-of-the-year-award-mise-en-nomination-prix-amateur-de-lannee-de-rac\/","title":{"rendered":"[RAC-Bulletin] Call For Nominations for the RAC Amateur of the Year Award | Mise en nomination : Prix Amateur de l\u2019annee de RAC"},"content":{"rendered":"<div>\n<div class=\"yiv0325905544gmail-site-inner\">\n<div class=\"yiv0325905544gmail-content-sidebar-wrap\">\n<div class=\"yiv0325905544entry-content\">\n<div><img loading=\"lazy\" decoding=\"async\" src=\"https:\/\/dl-mail.ymail.com\/ws\/download\/mailboxes\/@.id==VjN-cl--5Y2Q_tNDs99N10QrVXp4z5mhL1WBU0G-8RE54Ke__vxPFqbNxRQOLE9YbqkEwtfNg_3N4JKCmou1zYlqaQ\/messages\/@.id==AD7v-doAU7TrW2S_9wWtIDiyJUo\/content\/parts\/@.id==2\/raw?appid=YMailNorrin&amp;ymreqid=ca91623b-62a2-b653-1ccb-ba000001cf00&amp;token=zitEzqOML3j84e6ealFTT5U7-km5qEQF52lp7AcCuBaZsKLDwtnlukznKu80IoQf5Xj7GA4R_nJH8_6hGWjFF_7QiTG-kRxY5aRceyjZMYwYfieQui8lJ5Kbrknr2pTX\" alt=\"rac-bulletin.jpg\" width=\"150\" height=\"150\" \/><\/div>\n<p>To qualify for the title\u00a0<strong>Amateur of the Year<\/strong>, an individual should have made an outstanding contribution to Amateur Radio in the past year, or have contributed consistently to the welfare of Amateur Radio over several years.<\/p>\n<p>RAC Directors, Officers and Section Managers are not eligible for the award while in office, and not in respect to their term(s) of office.<\/p>\n<p>Nominations with supporting documentation are to be addressed to the RAC Corporate Secretary (see address at bottom of the page) and received at RAC Headquarters by the close of the last business day of September (<strong>September 28<\/strong>), for consideration for the current year. Selection of the winning candidate will be by majority vote of the RAC Board of Directors based on the supporting documentation submitted with the nomination. The winning candidate will be notified by mail.<\/p>\n<p>Due recognition will appear in\u00a0<em>The Canadian Amateur<\/em>\u00a0and a suitable plaque will be presented at an appropriate time and place.<\/p>\n<p>For more information visit:\u00a0<a href=\"https:\/\/wp.rac.ca\/rac-amateur-of-the-year\/\" target=\"_blank\" rel=\"nofollow noopener\">https:\/\/wp.rac.ca\/rac-amateur-of-the-year\/<\/a><\/p>\n<h4>Mise en nomination \u2013 Prix Amateur de l\u2019annee<\/h4>\n<p>Pour se qualifier au titre \u00ab\u00a0<strong>Amateur de l\u2019ann\u00e9e<\/strong>\u00a0\u00bb, une personne doit avoir fourni une contribution hors du commun \u00e0 la cause radioamateure au cours de l\u2019ann\u00e9e qui se termine, ou avoir travaill\u00e9 substantiellement au bien-\u00eatre du radioamateurisme depuis plusieurs ann\u00e9es.<\/p>\n<p>Les directeurs de RAC, dirigeants et\u00a0g\u00e9rants de section ne sont pas \u00e9ligibles au Prix aussi longtemps qu\u2019ils sont en fonction, et sans consid\u00e9ration quant \u00e0 leur(s) mandat(s).<\/p>\n<p>Les mises en nomination, document\u00e9es, doivent \u00eatre envoy\u00e9es au secr\u00e9taire de RAC de mani\u00e8re \u00e0 ce qu\u2019elles parviennent au si\u00e8ge social de RAC au plus tard \u00e0 la fin du dernier jour ouvrable du mois de septembre (<strong>28 septembre<\/strong>) pour \u00eatre prises en consid\u00e9ration la m\u00eame ann\u00e9e.\u00a0Le choix du candidat gagnant est effectu\u00e9 \u00e0 la majorit\u00e9 des membres du Bureau des directeurs, bas\u00e9 sur la documentation accompagnant la mise en nomination.\u00a0Le candidat gagnant est avis\u00e9 par la poste.<\/p>\n<p><em>The Canadian Amateur<\/em>\u00a0(TCA) publiera un texte de f\u00e9licitation et une plaque sera remise au r\u00e9cipiendaire en temps et lieu appropri\u00e9s.<\/p>\n<p>Pour plus d&#8217;informations, visitez :\u00a0<a href=\"https:\/\/wp.rac.ca\/rac-amateur-of-the-year\/\" target=\"_blank\" rel=\"nofollow noopener\">https:\/\/wp.rac.ca\/rac-amateur-of-the-year\/<\/a><\/p>\n<p>Radio Amateurs of\/du Canada<br \/>\n720 Belfast Road<br \/>\nSuite \/ Bureau 217<br \/>\nOttawa, ON, Canada<\/p>\n<\/div>\n<\/div>\n<\/div>\n<\/div>\n<div><\/div>\n<p>&nbsp;<\/p>\n<div>\n<div class=\"yiv0325905544gmail_signature\" dir=\"ltr\">\n<div dir=\"ltr\">\n<div>\n<div dir=\"ltr\">\n<div>\n<div dir=\"ltr\">\n<div>\n<div dir=\"ltr\">\n<div>\n<div><b><span style=\"font-size: small\">Alan Griffin<br \/>\nRAC MarCom Director<\/span><\/b><\/div>\n<\/div>\n<\/div>\n<\/div>\n<\/div>\n<\/div>\n<\/div>\n<\/div>\n<\/div>\n<\/div>\n<\/div>\n","protected":false},"excerpt":{"rendered":"<p>To qualify for the title\u00a0Amateur of the Year, an individual should have made an outstanding contribution to Amateur Radio in the past year, or have contributed consistently to the welfare of Amateur Radio over several years. RAC Directors, Officers and <a href=\"http:\/\/www.summersidearc.com\/index.php\/2018\/08\/03\/rac-bulletin-call-for-nominations-for-the-rac-amateur-of-the-year-award-mise-en-nomination-prix-amateur-de-lannee-de-rac\/\" class=\"read-more\">Read more\u2026 <\/a><\/p>\n","protected":false},"author":3,"featured_media":0,"comment_status":"closed","ping_status":"open","sticky":false,"template":"","format":"standard","meta":{"footnotes":""},"categories":[1],"tags":[],"class_list":["post-538","post","type-post","status-publish","format-standard","hentry","category-archive"],"_links":{"self":[{"href":"http:\/\/www.summersidearc.com\/index.php\/wp-json\/wp\/v2\/posts\/538","targetHints":{"allow":["GET"]}}],"collection":[{"href":"http:\/\/www.summersidearc.com\/index.php\/wp-json\/wp\/v2\/posts"}],"about":[{"href":"http:\/\/www.summersidearc.com\/index.php\/wp-json\/wp\/v2\/types\/post"}],"author":[{"embeddable":true,"href":"http:\/\/www.summersidearc.com\/index.php\/wp-json\/wp\/v2\/users\/3"}],"replies":[{"embeddable":true,"href":"http:\/\/www.summersidearc.com\/index.php\/wp-json\/wp\/v2\/comments?post=538"}],"version-history":[{"count":1,"href":"http:\/\/www.summersidearc.com\/index.php\/wp-json\/wp\/v2\/posts\/538\/revisions"}],"predecessor-version":[{"id":539,"href":"http:\/\/www.summersidearc.com\/index.php\/wp-json\/wp\/v2\/posts\/538\/revisions\/539"}],"wp:attachment":[{"href":"http:\/\/www.summersidearc.com\/index.php\/wp-json\/wp\/v2\/media?parent=538"}],"wp:term":[{"taxonomy":"category","embeddable":true,"href":"http:\/\/www.summersidearc.com\/index.php\/wp-json\/wp\/v2\/categories?post=538"},{"taxonomy":"post_tag","embeddable":true,"href":"http:\/\/www.summersidearc.com\/index.php\/wp-json\/wp\/v2\/tags?post=538"}],"curies":[{"name":"wp","href":"https:\/\/api.w.org\/{rel}","templated":true}]}}